{"id":3143,"date":"2023-08-11T16:12:07","date_gmt":"2023-08-11T19:12:07","guid":{"rendered":"http:\/\/www.colegiogermania.cl\/principal\/?p=3143"},"modified":"2023-08-11T16:21:30","modified_gmt":"2023-08-11T19:21:30","slug":"muestra-folclorica-2023","status":"publish","type":"post","link":"https:\/\/www.colegiogermania.cl\/principal\/muestra-folclorica-2023\/","title":{"rendered":"Muestra Folcl\u00f3rica 2023"},"content":{"rendered":"\n<p class=\"has-text-align-right\">Puerto Varas, 11 de agosto 2023<\/p>\n\n\n\n<p>Estimadas familias:<\/p>\n\n\n\n<br>\n\n\n\n<p>Junto con un cordial saludo, les comunicamos que con motivo de la celebraci\u00f3n del Mes de la Chilenidad, se llevar\u00e1 a cabo nuestra tradicional Muestra Folcl\u00f3rica, que este a\u00f1o lleva por nombre \u00abSomos Polvo de Estrellas\u201d. Con esto buscamos celebrar nuestra conexi\u00f3n con el universo, y a trav\u00e9s de la m\u00fasica, danzas y tradiciones, honrar la idea de que los \u00e1tomos que componen nuestro ser provienen de las estrellas, uniendo a las culturas en un reconocimiento de nuestra ra\u00edz c\u00f3smica y la belleza de la diversidad humana manifestada en las diferentes culturas que tiene nuestro pa\u00eds. Es un recordatorio po\u00e9tico de que todos compartimos un origen com\u00fan en el polvo estelar, y esta muestra nos conecta con esa maravillosa verdad.<\/p>\n\n\n\n<p>Este evento se realizar\u00e1 en dependencias del colegio los d\u00edas martes 12 (cursos B), mi\u00e9rcoles 13 (cursos A) y&nbsp; jueves 14 (Ed. Parvularia) de septiembre, en jornada de la ma\u00f1ana.<\/p>\n\n\n\n<p>Cada alumno recibir\u00e1 dos entradas para que sus familiares puedan asistir a la respectiva presentaci\u00f3n. Ninguna persona podr\u00e1 ingresar al gimnasio sin dicha tarjeta. Esto, con el objetivo de realizar un acceso ordenado al recinto y para que tambi\u00e9n est\u00e9n c\u00f3modos todos los asistentes.<\/p>\n\n\n\n<p>Del mismo modo, la vestimenta de este a\u00f1o ser\u00e1 planteada con menos detalles, tratando de facilitar su adquisici\u00f3n y apoyando la reutilizaci\u00f3n de vestuarios, para as\u00ed evitar gastos excesivos a las familias.<\/p>\n\n\n\n<p>A continuaci\u00f3n se adjunta la informaci\u00f3n del vestuario por cursos:<\/p>\n\n\n\n<p><\/p>\n\n\n\n<figure class=\"wp-block-table\"><table><tbody><tr><td><strong>Curso<\/strong><strong><\/strong><\/td><td><strong>Baile<\/strong><strong><\/strong><\/td><td><strong>Vestuario Varones<\/strong><strong><\/strong><\/td><td><strong>Vestuario Damas<\/strong><strong><\/strong><\/td><\/tr><tr><td><strong>1\u00b0 B\u00e1sico<\/strong><\/td><td><strong>Saya<\/strong><\/td><td>* Pantal\u00f3n azul con cascabeles. 3 por pierna <br>* Camiseta blanca <br>* Bolero azul, decorado con lentejuelas plateadas <br>* Zapatos o zapatillas negras <br>* Sombrero negro<\/td><td>Vestuario Damas <br>* Falda azul (dos dedos arriba de la rodilla), decorada con lentejuelas plateadas <br>* Camiseta blanca <br>* Pantys (color a elecci\u00f3n de cada curso, blancas o transparentes) <br>* Zapatos o zapatillas negras <br>* Sombrero negro<\/td><\/tr><tr><td><strong>2\u00b0 B\u00e1sico<\/strong><\/td><td><strong>Cacharpaya<\/strong><\/td><td>* Pantal\u00f3n negro <br>* Camiseta blanca <br>* Faja amarilla <br>* Bolero negro <br>* Zapatos o zapatillas negras<\/td><td>* Falda amarilla con o sin cintas (acuerdo de curso)<br>* Camiseta blanca<br>* Pa\u00f1uelo triangular amarillo para el cuello<br>* Pantys blancas<br>* Zapatos o zapatillas negras<br>* Peinado dos trenzas o dos mo\u00f1os<\/td><\/tr><tr><td><strong>3\u00b0 B\u00e1sico<\/strong><\/td><td><strong>Trastrasera<\/strong><\/td><td>* Pantal\u00f3n negro <br>* Camisa cuadrill\u00e9 <br>* Zapatos o zapatillas negras <br>* Media chilota <br>* Gorro chilote<\/td><td>* Falda roja (sin cintas) <br>* Camiseta blanca <br>* Pa\u00f1uelo rojo en la cabeza <br>* Zapatos o zapatillas negras<\/td><\/tr><tr><td><strong>4\u00b0 B\u00e1sico<\/strong><\/td><td><strong>Polca<\/strong><\/td><td>Huaso: <br>* Camisa blanca<br>* Chaqueta negra (de huaso)<br>* Faja tricolor de huaso<br>* Pantal\u00f3n de colegio<br>* Zapatos negros<\/td><td>China: <br>* Traje de china <br>* Zapatos negros <br>* Pantys blancas sin calcetines <br>* Peinado: dos trenzas<\/td><\/tr><tr><td><strong>5\u00b0 B\u00e1sico<\/strong><\/td><td><strong>Guaracha<\/strong><\/td><td>Huaso: <br>* Camisa cuadrill\u00e9 <br>* Faja tricolor de huaso <br>* Pantal\u00f3n de colegio <br>* Calcetas de lana gruesa sobre el pantal\u00f3n <br>* Zapatos negros<\/td><td>China: <br>* Traje de china <br>* Zapatos negros <br>* Peinado: dos trenzas<\/td><\/tr><tr><td><strong>6\u00b0 B\u00e1sico<\/strong><\/td><td><strong>Saya<\/strong><\/td><td>* Camisa blanca<br>* Bolero color azul rey<br>* Cascabeles en el pantal\u00f3n<br>* Pantal\u00f3n negro<br>* Zapatos negros<\/td><td>* Blusa blanca decorada<br>* Falda corta (dos dedos arriba de la rodilla) en plato color azul rey (falso a elecci\u00f3n como curso)<br>* Pantys transparente a elecci\u00f3n<br>* Zapatos negros<\/td><\/tr><tr><td><strong>7\u00b0 B\u00e1sico<\/strong><strong><\/strong><\/td><td><strong>Porte\u00f1a<\/strong><\/td><td>Huaso: <br>* Camisa blanca del colegio <br>* Chaqueta negra manga larga (de huaso) <br>* Faja de huaso tricolor <br>* Pantal\u00f3n de colegio <br>* Pa\u00f1uelo blanco <br>* Zapatos negros <br>* Peinado ordenado<\/td><td>China: <br>* Traje de china hasta la rodilla <br>* Pa\u00f1uelo blanco <br>* Zapatos negro <br>* Pantys transparente <br>* Peinado: 2 trenzas Mar\u00eda<\/td><\/tr><tr><td><strong>8\u00b0 B\u00e1sico<\/strong><\/td><td><strong>Gitanos<\/strong><\/td><td>Gitano: <br>* Pantal\u00f3n gris colegio <br>* Camisa blanca colegio <br>* Faja roja <br>* Zapatos negros <br>* Pa\u00f1oleta grande roja <br>* Pa\u00f1uelo rojo para la cabeza \u00a0<\/td><td>Gitana: <br>* Falda roja larga modelo plato (hasta los tobillos)<br>* Blusa blanca colegio<br>* Descalzas<br>* Pa\u00f1uelo rojo para la cabeza<br>* Collares \u00a0<\/td><\/tr><tr><td><strong>I\u00b0 Medio<\/strong><\/td><td><strong>Mapuche<\/strong><\/td><td>* Pantal\u00f3n gris colegio, doblado hasta la rodilla<br>* Camisa blanca colegio<br>* Manta roja, largo hasta las corvas (decorada con motivos mapuche)<br>* Cintillo lana con motivos mapuche<\/td><td>* Vestido negro un hombro cubierto, borde inferior con cintas rojas <br>* Pata negra <br>* Descalzas <br>* Accesorios mapuche en el pecho (Trapelacucha)<\/td><\/tr><tr><td><strong>II\u00b0 medio<\/strong><\/td><td><strong>Chamam\u00e9<\/strong><\/td><td>Gaucho: <br>* Boina negra<br>* Camisa negra manga larga<br>* Pa\u00f1oleta roja para el cuello<br>* Pantal\u00f3n negro de tela.<br>* Calcetines negros<br>* Zapatos negros<\/td><td>Dama: <br>* Camiseta manga larga negra <br>* Pa\u00f1oleta roja para el cuello <br>* Falda larga roja (modelo plato) <br>* Descalza<\/td><\/tr><tr><td><strong>III\u00b0 medio<\/strong><\/td><td><strong>Pascuense<\/strong><\/td><td>Varones: <br>* Taparrabo y\/o plumas <br>* Dorso desnudo pintado + accesorios <br>* Ropa interior blanca (boxer)<\/td><td>Damas: <br>* Traje de pluma + accesorios<br>* Ropa interior blanca y\/o calza corta blanca<\/td><\/tr><tr><td><strong>IV\u00b0 medio<\/strong><\/td><td><strong>Diablada<\/strong><\/td><td>Varones: <br>* Pantal\u00f3n negro con cascabeles (5 por pierna) <br>* Zapatos negros <br>* Calcetines negros <br>* Camisa negra manga larga <br>* Capa roja (20 cm bajo la cadera) <br>* Faja roja en la cintura (10 cm de ancho aprox.)<\/td><td>Damas: <br>* Falda color rojo (largo de la falda, dos dedos sobre la rodilla) <br>* Falso blanco bajo la falda (mismo largo) <br>* Blusa blanca manga larga <br>* Capa roja (largo hasta la cintura) <br>* Panty transparente <br>* Botas largas negras<\/td><\/tr><\/tbody><\/table><\/figure>\n\n\n\n<p>Cualquier consulta por favor comunicarse con los siguientes profesores v\u00eda correo electr\u00f3nico:<\/p>\n\n\n\n<p><\/p>\n\n\n\n<p>1\u00ba a 3\u00ba b\u00e1sico: Marcela P\u00e9rez&nbsp;<a href=\"mailto:marcelaperez@colegiogermania.cl\" target=\"_blank\" rel=\"noreferrer noopener\">marcelaperez@colegiogermania.cl<\/a><\/p>\n\n\n\n<p>4\u00ba y 5\u00ba b\u00e1sico: Pit\u00e1goras Escobar&nbsp;<a href=\"mailto:pitagoras@colegiogermania.cl\" target=\"_blank\" rel=\"noreferrer noopener\">pitagoras@colegiogermania.cl<\/a><\/p>\n\n\n\n<p>6\u00ba\u00a0b\u00e1sico: Gonzalo Ubilla\u00a0<a rel=\"noreferrer noopener\" href=\"mailto:gubilla@colegiogermania.cl\" target=\"_blank\">gubilla@colegiogermania.cl<\/a><\/p>\n\n\n\n<p>7\u00ba b\u00e1sico a IV\u00ba medio: Pit\u00e1goras Escobar\u00a0<a rel=\"noreferrer noopener\" href=\"mailto:pitagoras@colegiogermania.cl\" target=\"_blank\">pitagoras@colegiogermania.cl<\/a><\/p>\n\n\n\n<hr class=\"wp-block-separator has-alpha-channel-opacity\"\/>\n\n\n\n<br>\n\n\n\n<p class=\"has-text-align-center\">Sin otro particular, les saluda atentamente,<\/p>\n\n\n\n<p class=\"has-text-align-center\">Departamento de Ed. F\u00edsica<\/p>\n\n\n\n<p class=\"has-text-align-center\">Colegio Germania del Verbo Divino<\/p>\n","protected":false},"excerpt":{"rendered":"<p>Puerto Varas, 11 de agosto 2023 Estimadas familias: Junto con un cordial saludo, les comunicamos que con motivo de la [&hellip;]<\/p>\n","protected":false},"author":1,"featured_media":3147,"comment_status":"closed","ping_status":"closed","sticky":false,"template":"","format":"standard","meta":{"footnotes":""},"categories":[141],"tags":[],"_links":{"self":[{"href":"https:\/\/www.colegiogermania.cl\/principal\/wp-json\/wp\/v2\/posts\/3143"}],"collection":[{"href":"https:\/\/www.colegiogermania.cl\/principal\/wp-json\/wp\/v2\/posts"}],"about":[{"href":"https:\/\/www.colegiogermania.cl\/principal\/wp-json\/wp\/v2\/types\/post"}],"author":[{"embeddable":true,"href":"https:\/\/www.colegiogermania.cl\/principal\/wp-json\/wp\/v2\/users\/1"}],"replies":[{"embeddable":true,"href":"https:\/\/www.colegiogermania.cl\/principal\/wp-json\/wp\/v2\/comments?post=3143"}],"version-history":[{"count":6,"href":"https:\/\/www.colegiogermania.cl\/principal\/wp-json\/wp\/v2\/posts\/3143\/revisions"}],"predecessor-version":[{"id":3155,"href":"https:\/\/www.colegiogermania.cl\/principal\/wp-json\/wp\/v2\/posts\/3143\/revisions\/3155"}],"wp:featuredmedia":[{"embeddable":true,"href":"https:\/\/www.colegiogermania.cl\/principal\/wp-json\/wp\/v2\/media\/3147"}],"wp:attachment":[{"href":"https:\/\/www.colegiogermania.cl\/principal\/wp-json\/wp\/v2\/media?parent=3143"}],"wp:term":[{"taxonomy":"category","embeddable":true,"href":"https:\/\/www.colegiogermania.cl\/principal\/wp-json\/wp\/v2\/categories?post=3143"},{"taxonomy":"post_tag","embeddable":true,"href":"https:\/\/www.colegiogermania.cl\/principal\/wp-json\/wp\/v2\/tags?post=3143"}],"curies":[{"name":"wp","href":"https:\/\/api.w.org\/{rel}","templated":true}]}}